{"id":2989,"date":"2020-05-01T00:02:47","date_gmt":"2020-05-01T00:02:47","guid":{"rendered":"http:\/\/www.stelladellealpi.it\/SDA2020\/ein-stueck-vom-paradies\/"},"modified":"2020-05-05T16:53:35","modified_gmt":"2020-05-05T16:53:35","slug":"ein-stueck-vom-paradies","status":"publish","type":"post","link":"https:\/\/www.stelladellealpi.it\/SDA2020\/de\/ein-stueck-vom-paradies\/","title":{"rendered":"Ein St\u00fcck vom Paradies"},"content":{"rendered":"<p>[vc_row css=&#8220;.vc_custom_1492008828909{margin-top: 40px !important;}&#8220;][vc_column][vc_column_text]Das Nonstal (Valden\u00f2n auf Noneso dialekt) ist ein Tal im Trentino, das im nordwestlichen Teil der autonomen Provinz Trient liegt. In administrativer Hinsicht geh\u00f6rt sie zur Gemeinde Val di Non, einer der Talgemeinden, die 2010 in der Provinz gegr\u00fcndet wurde. Nur drei Gemeinden im n\u00f6rdlichsten Teil des Tals, Lauregno, Proves und Senale-San Felice geh\u00f6ren zur autonomen Provinz Bozen. Das Nonstal und das angrenzende Val di Sole sind auch als die &#8222;Noce-T\u00e4ler&#8220; bekannt, die beide vom Noce-Bach durchquert werden. (Quelle: Wikipedia)[\/vc_column_text]<div style=\"background-color:;height: 20px\" class=\"nicdark_section  \"><\/div>[\/vc_column][\/vc_row][vc_row][vc_column][vc_gallery type=&#8220;image_grid&#8220; images=&#8220;2545,2551,2554,2566,2563,2560,2557,2548,2639,2653,2651,2643,2645,2647,2654,2655,2656,2641,2657,2649,2569,2572,2575,2578,2587,2590,2593,2596,2599,2602,2605,2608,2611,2614,2617,2620,2623,2626,2629,2632,2635,2685,2688,2691,2694,2697,2700,2706,2709,2712,2807,2810,2813,2816,2819,2822,2826,2829,2832&#8243; img_size=&#8220;150&#215;150&#8243;]<div style=\"background-color:;height: 20px\" class=\"nicdark_section  \"><\/div>[vc_creativelink align=&#8220;center&#8220; text=&#8220;ZU TUN IM NONSTAL&#8220; url=&#8220;url:http%3A%2F%2Fwww.stelladellealpi.it%2FSDA2020%2Fval-di-non%2F|||&#8220; clr=&#8220;#919191&#8243;][\/vc_column][\/vc_row]<\/p>\n","protected":false},"excerpt":{"rendered":"<p>Lorem ipsum dolor sit amet, consectetur adipiscing elit.<\/p>\n","protected":false},"author":2,"featured_media":0,"comment_status":"closed","ping_status":"closed","sticky":false,"template":"","format":"quote","meta":{"footnotes":""},"categories":[96],"tags":[223,220,215,211,212,224,217,225,218,222,208,227,221,228,226,219],"class_list":["post-2989","post","type-post","status-publish","format-quote","hentry","category-da-fare-de-2","tag-alpen","tag-ausflug","tag-berg","tag-brenta-de","tag-dolomiten","tag-fahrrad","tag-heiligtum","tag-mountain-bike-de","tag-nonstal","tag-schloss","tag-see-de","tag-trekking-de","tag-urlaub","tag-wandern","tag-wanderung","tag-wochenende","post_format-post-format-quote"],"jetpack_featured_media_url":"","yoast_head":"<!-- This site is optimized with the Yoast SEO plugin v14.7 - https:\/\/yoast.com\/wordpress\/plugins\/seo\/ -->\r\n<title>Ein St\u00fcck vom Paradies - Stella delle Alpi<\/title>\r\n<meta name=\"robots\" content=\"index, follow\" \/>\r\n<meta name=\"googlebot\" content=\"index, follow, max-snippet:-1, max-image-preview:large, max-video-preview:-1\" \/>\r\n<meta name=\"bingbot\" content=\"index, follow, max-snippet:-1, max-image-preview:large, max-video-preview:-1\" \/>\r\n<link rel=\"canonical\" href=\"https:\/\/www.stelladellealpi.it\/SDA2020\/de\/ein-stueck-vom-paradies\/\" \/>\r\n<meta property=\"og:locale\" content=\"de_DE\" \/>\r\n<meta property=\"og:type\" content=\"article\" \/>\r\n<meta property=\"og:title\" content=\"Ein St\u00fcck vom Paradies - Stella delle Alpi\" \/>\r\n<meta property=\"og:description\" content=\"Lorem ipsum dolor sit amet, consectetur adipiscing elit.\" \/>\r\n<meta property=\"og:url\" content=\"https:\/\/www.stelladellealpi.it\/SDA2020\/de\/ein-stueck-vom-paradies\/\" \/>\r\n<meta property=\"og:site_name\" content=\"Stella delle Alpi\" \/>\r\n<meta property=\"article:publisher\" content=\"https:\/\/www.facebook.com\/stelladellealpi\/\" \/>\r\n<meta property=\"article:published_time\" content=\"2020-05-01T00:02:47+00:00\" \/>\r\n<meta property=\"article:modified_time\" content=\"2020-05-05T16:53:35+00:00\" \/>\r\n<meta name=\"twitter:card\" content=\"summary_large_image\" \/>\r\n<meta name=\"twitter:creator\" content=\"@stelladellealpi\" \/>\r\n<meta name=\"twitter:site\" content=\"@stelladellealpi\" \/>\r\n<script type=\"application\/ld+json\" class=\"yoast-schema-graph\">{\"@context\":\"https:\/\/schema.org\",\"@graph\":[{\"@type\":\"Organization\",\"@id\":\"https:\/\/www.stelladellealpi.it\/SDA2020\/de\/#organization\",\"name\":\"Hotel Stella delle Alpi\",\"url\":\"https:\/\/www.stelladellealpi.it\/SDA2020\/de\/\",\"sameAs\":[\"https:\/\/www.facebook.com\/stelladellealpi\/\",\"https:\/\/www.instagram.com\/stelladellealpi\/\",\"https:\/\/www.youtube.com\/user\/hotelstelladellealpi\",\"https:\/\/twitter.com\/stelladellealpi\"],\"logo\":{\"@type\":\"ImageObject\",\"@id\":\"https:\/\/www.stelladellealpi.it\/SDA2020\/de\/#logo\",\"inLanguage\":\"de\",\"url\":\"https:\/\/www.stelladellealpi.it\/SDA2020\/wp-content\/uploads\/2019\/11\/logo-1.png\",\"width\":438,\"height\":171,\"caption\":\"Hotel Stella delle Alpi\"},\"image\":{\"@id\":\"https:\/\/www.stelladellealpi.it\/SDA2020\/de\/#logo\"}},{\"@type\":\"WebSite\",\"@id\":\"https:\/\/www.stelladellealpi.it\/SDA2020\/de\/#website\",\"url\":\"https:\/\/www.stelladellealpi.it\/SDA2020\/de\/\",\"name\":\"Stella delle Alpi\",\"description\":\"Hotel Stella delle Alpi Wellness &amp; Resort\",\"publisher\":{\"@id\":\"https:\/\/www.stelladellealpi.it\/SDA2020\/de\/#organization\"},\"potentialAction\":[{\"@type\":\"SearchAction\",\"target\":\"https:\/\/www.stelladellealpi.it\/SDA2020\/de\/?s={search_term_string}\",\"query-input\":\"required name=search_term_string\"}],\"inLanguage\":\"de\"},{\"@type\":\"WebPage\",\"@id\":\"https:\/\/www.stelladellealpi.it\/SDA2020\/de\/ein-stueck-vom-paradies\/#webpage\",\"url\":\"https:\/\/www.stelladellealpi.it\/SDA2020\/de\/ein-stueck-vom-paradies\/\",\"name\":\"Ein St\\u00fcck vom Paradies - Stella delle Alpi\",\"isPartOf\":{\"@id\":\"https:\/\/www.stelladellealpi.it\/SDA2020\/de\/#website\"},\"datePublished\":\"2020-05-01T00:02:47+00:00\",\"dateModified\":\"2020-05-05T16:53:35+00:00\",\"inLanguage\":\"de\",\"potentialAction\":[{\"@type\":\"ReadAction\",\"target\":[\"https:\/\/www.stelladellealpi.it\/SDA2020\/de\/ein-stueck-vom-paradies\/\"]}]},{\"@type\":\"Article\",\"@id\":\"https:\/\/www.stelladellealpi.it\/SDA2020\/de\/ein-stueck-vom-paradies\/#article\",\"isPartOf\":{\"@id\":\"https:\/\/www.stelladellealpi.it\/SDA2020\/de\/ein-stueck-vom-paradies\/#webpage\"},\"author\":{\"@id\":\"https:\/\/www.stelladellealpi.it\/SDA2020\/de\/#\/schema\/person\/d67d4b7da5b0a77002d4e311f9937f51\"},\"headline\":\"Ein St\\u00fcck vom Paradies\",\"datePublished\":\"2020-05-01T00:02:47+00:00\",\"dateModified\":\"2020-05-05T16:53:35+00:00\",\"mainEntityOfPage\":{\"@id\":\"https:\/\/www.stelladellealpi.it\/SDA2020\/de\/ein-stueck-vom-paradies\/#webpage\"},\"publisher\":{\"@id\":\"https:\/\/www.stelladellealpi.it\/SDA2020\/de\/#organization\"},\"keywords\":\"Alpen,Ausflug,Berg,Brenta,Dolomiten,Fahrrad,Heiligtum,mountain bike,Nonstal,Schloss,See,trekking,Urlaub,wandern,Wanderung,Wochenende\",\"articleSection\":\"zu tun\",\"inLanguage\":\"de\"},{\"@type\":[\"Person\"],\"@id\":\"https:\/\/www.stelladellealpi.it\/SDA2020\/de\/#\/schema\/person\/d67d4b7da5b0a77002d4e311f9937f51\",\"name\":\"Famiglia Battisti\",\"image\":{\"@type\":\"ImageObject\",\"@id\":\"https:\/\/www.stelladellealpi.it\/SDA2020\/de\/#personlogo\",\"inLanguage\":\"de\",\"url\":\"https:\/\/secure.gravatar.com\/avatar\/25fa0886f987921775f14aeed169b2ab?s=96&d=mm&r=g\",\"caption\":\"Famiglia Battisti\"}}]}<\/script>\r\n<!-- \/ Yoast SEO plugin. -->","_links":{"self":[{"href":"https:\/\/www.stelladellealpi.it\/SDA2020\/de\/wp-json\/wp\/v2\/posts\/2989","targetHints":{"allow":["GET"]}}],"collection":[{"href":"https:\/\/www.stelladellealpi.it\/SDA2020\/de\/wp-json\/wp\/v2\/posts"}],"about":[{"href":"https:\/\/www.stelladellealpi.it\/SDA2020\/de\/wp-json\/wp\/v2\/types\/post"}],"author":[{"embeddable":true,"href":"https:\/\/www.stelladellealpi.it\/SDA2020\/de\/wp-json\/wp\/v2\/users\/2"}],"replies":[{"embeddable":true,"href":"https:\/\/www.stelladellealpi.it\/SDA2020\/de\/wp-json\/wp\/v2\/comments?post=2989"}],"version-history":[{"count":5,"href":"https:\/\/www.stelladellealpi.it\/SDA2020\/de\/wp-json\/wp\/v2\/posts\/2989\/revisions"}],"predecessor-version":[{"id":2995,"href":"https:\/\/www.stelladellealpi.it\/SDA2020\/de\/wp-json\/wp\/v2\/posts\/2989\/revisions\/2995"}],"wp:attachment":[{"href":"https:\/\/www.stelladellealpi.it\/SDA2020\/de\/wp-json\/wp\/v2\/media?parent=2989"}],"wp:term":[{"taxonomy":"category","embeddable":true,"href":"https:\/\/www.stelladellealpi.it\/SDA2020\/de\/wp-json\/wp\/v2\/categories?post=2989"},{"taxonomy":"post_tag","embeddable":true,"href":"https:\/\/www.stelladellealpi.it\/SDA2020\/de\/wp-json\/wp\/v2\/tags?post=2989"}],"curies":[{"name":"wp","href":"https:\/\/api.w.org\/{rel}","templated":true}]}}