{"id":3050,"date":"2020-05-01T00:05:06","date_gmt":"2020-05-01T00:05:06","guid":{"rendered":"http:\/\/www.stelladellealpi.it\/SDA2020\/das-fest-der-portoni\/"},"modified":"2020-05-07T17:21:26","modified_gmt":"2020-05-07T17:21:26","slug":"das-fest-der-portoni","status":"publish","type":"post","link":"https:\/\/www.stelladellealpi.it\/SDA2020\/de\/das-fest-der-portoni\/","title":{"rendered":"das Fest der &#8222;Portoni&#8220;"},"content":{"rendered":"<p>[vc_row][vc_column width=&#8220;1\/2&#8243;][vc_column_text]<em>Portoni, vouti, cianve, somasi<\/em>&#8230; das sind alles W\u00f6rter aus dem &#8222;Noneso&#8220;-Dialekt, aber wissen Sie, was sie bedeuten? Sie beziehen sich auf die alten Keller, die S\u00e4uleng\u00e4nge, die G\u00e4nge der D\u00f6rfer des Val di Non, wo oft zwischen Fr\u00fchling und Sommer mehrere &#8222;Portoni&#8220;-Feste stattfinden![\/vc_column_text][\/vc_column][vc_column width=&#8220;1\/2&#8243;][vc_column_text]Tats\u00e4chlich liegt das Hauptereignis dieser Reihe von Festivals nur wenige Schritte von der Stella entfernt, die &#8222;<em>Cosina nonesa en ti Somasi da Fon<\/em>&#8222;, eine mehrt\u00e4gige Veranstaltung, bei der sich die T\u00fcren und H\u00f6fe der Privath\u00e4user des Fondo f\u00fcr die \u00d6ffentlichkeit \u00f6ffnen und zu Freiluft-Trattorien werden, in denen Sie unsere typischen Produkte probieren k\u00f6nnen![\/vc_column_text][\/vc_column][\/vc_row][vc_row css=&#8220;.vc_custom_1492008828909{margin-top: 40px !important;}&#8220;][vc_column] <h2 style=\"color:#727475;padding:px;text-align:;font-size:25px;line-height:25px;letter-spacing: px;font-weight:normal\" class=\"   nd_options_first_font \">Le feste dei portoni<\/h2> <div style=\"background-color:;height: 20px\" class=\"nicdark_section  \"><\/div>[vc_column_text]Diese Feste haben hier <strong>Tradition<\/strong>, ich nehme immer mit den Landfrauen teil. Tats\u00e4chlich ist das Tolle an Portoni, dass alle Vereine des Dorfes zum Gelingen des Festes beitragen, das die ganze Gemeinde einbezieht. W\u00e4hrend des Festes spazieren Sie durch die Stra\u00dfen des Dorfes und halten in den Kellern oder S\u00e4uleng\u00e4ngen der traditionellen Privath\u00e4user an, um die von den Einheimischen selbst gekochten typischen Gerichte zu probieren. Die Festlichkeiten der Portoni hier im Val di Non sind zahlreich, darunter der gastronomische Spaziergang von Rev\u00f2, die Cosina Nonesa en ti Somasi da Fon und die Portoni di Coredo. In jedem von ihnen erhalten Sie eine Karte des Dorfes mit den verschiedenen Portoni und ihren Men\u00fcs, damit Sie w\u00e4hlen k\u00f6nnen, in welchem Sie essen m\u00f6chten.[\/vc_column_text][\/vc_column][\/vc_row][vc_row css=&#8220;.vc_custom_1492008848756{margin-top: 20px !important;}&#8220;][vc_column width=&#8220;1\/2&#8243;]\n    <div style=\"text-align:center\" class=\"nd_options_section\">\n      <img decoding=\"async\" alt=\"\" style=\"width:100%\" class=\" nd_options_margin_0 nd_options_padding_0 \" src=\"https:\/\/www.stelladellealpi.it\/SDA2020\/wp-content\/uploads\/2020\/04\/csm_tortel_di_patate_25173df10f-e1586298595323-1024x680.jpg\">\n    <\/div>\n   [\/vc_column][vc_column width=&#8220;1\/2&#8243;]\n    <div style=\"text-align:center\" class=\"nd_options_section\">\n      <img decoding=\"async\" alt=\"\" style=\"width:100%\" class=\" nd_options_margin_0 nd_options_padding_0 \" src=\"https:\/\/www.stelladellealpi.it\/SDA2020\/wp-content\/uploads\/2020\/04\/mangiar-bene-mele-val-di-non6136-1024x681.jpg\">\n    <\/div>\n   [\/vc_column][\/vc_row][vc_row css=&#8220;.vc_custom_1467643035435{margin-top: 40px !important;}&#8220;][vc_column] <h2 style=\"color:#727475;padding:px;text-align:;font-size:25px;line-height:25px;letter-spacing: px;font-weight:normal\" class=\"   nd_options_first_font \">Cosina nonesa en ti somasi da Fon<\/h2> <div style=\"background-color:;height: 20px\" class=\"nicdark_section  \"><\/div>[vc_column_text]Eine zweit\u00e4gige gastronomische Erfahrung im Inneren der alten S\u00e4uleng\u00e4nge und G\u00e4nge des Dorfes Fondo, den so genannten &#8222;Somasi&#8220;, die dank ihrer Anordnung und Dekoration zu charakteristischen und malerischen Ecken werden, in denen man traditionelle lokale Gerichte kosten kann.<\/p>\n<p>Ein befriedigender kulinarischer Spaziergang, der Ihren Geschmack erfreuen wird, eine Reise in die Vergangenheit, um die Spezialit\u00e4ten des Val di Non zu entdecken: Kartoffelpasteten, Polenta, Kutteln, Alpk\u00e4se, Strangolapreti, Apfelkrapfen sind nur einige der vielen Gerichte, die Sie w\u00e4hrend der Veranstaltung kosten k\u00f6nnen.<\/p>\n<p>Auf den Pl\u00e4tzen und Strassen des Dorfes finden Workshops, Spiele und Aktivit\u00e4ten f\u00fcr Kinder, Strassenk\u00fcnstler und Musiker statt.[\/vc_column_text]<div style=\"background-color:;height: 20px\" class=\"nicdark_section  \"><\/div>\n    <div style=\"text-align:center\" class=\"nd_options_section\">\n      <img decoding=\"async\" alt=\"\" style=\"width:100%\" class=\" nd_options_margin_0 nd_options_padding_0 \" src=\"https:\/\/www.stelladellealpi.it\/SDA2020\/wp-content\/uploads\/2020\/04\/passeggiata-gastronomica-revo-val-di-non-festa-di-primavera-3-1024x683.jpg\">\n    <\/div>\n   <div style=\"background-color:;height: 20px\" class=\"nicdark_section  \"><\/div>\n    <div style=\"text-align:center\" class=\"nd_options_section\">\n      <img decoding=\"async\" alt=\"\" style=\"width:100%\" class=\" nd_options_margin_0 nd_options_padding_0 \" src=\"https:\/\/www.stelladellealpi.it\/SDA2020\/wp-content\/uploads\/2020\/04\/bigevents_festadeiportoni_copertina5967-1024x683.jpg\">\n    <\/div>\n   [\/vc_column][\/vc_row]<\/p>\n","protected":false},"excerpt":{"rendered":"<p>[vc_row][vc_column width=&#8220;1\/2&#8243;][vc_column_text]Portoni, vouti, cianve, somasi&#8230; das sind alles W\u00f6rter aus dem &#8222;Noneso&#8220;-Dialekt, aber wissen Sie, was sie bedeuten? Sie beziehen sich auf die alten Keller, die S\u00e4uleng\u00e4nge, die G\u00e4nge der D\u00f6rfer des Val di Non, wo oft zwischen Fr\u00fchling und Sommer mehrere &#8222;Portoni&#8220;-Feste stattfinden![\/vc_column_text][\/vc_column][vc_column width=&#8220;1\/2&#8243;][vc_column_text]Tats\u00e4chlich liegt das Hauptereignis dieser Reihe von Festivals nur wenige Schritte [&hellip;]<\/p>\n","protected":false},"author":2,"featured_media":3052,"comment_status":"closed","ping_status":"closed","sticky":false,"template":"","format":"image","meta":{"footnotes":""},"categories":[99],"tags":[234,220,230,229,235,231,233,232,221,219],"class_list":["post-3050","post","type-post","status-publish","format-image","has-post-thumbnail","hentry","category-da-mangiare-de","tag-apfel","tag-ausflug","tag-fest","tag-festival-de","tag-freundshaft","tag-gastronomie","tag-melinda-de","tag-musik","tag-urlaub","tag-wochenende","post_format-post-format-image"],"jetpack_featured_media_url":"https:\/\/www.stelladellealpi.it\/SDA2020\/wp-content\/uploads\/2020\/04\/somasi.jpg","yoast_head":"<!-- This site is optimized with the Yoast SEO plugin v14.7 - https:\/\/yoast.com\/wordpress\/plugins\/seo\/ -->\r\n<title>das Fest der &quot;Portoni&quot; - Stella delle Alpi<\/title>\r\n<meta name=\"robots\" content=\"index, follow\" \/>\r\n<meta name=\"googlebot\" content=\"index, follow, max-snippet:-1, max-image-preview:large, max-video-preview:-1\" \/>\r\n<meta name=\"bingbot\" content=\"index, follow, max-snippet:-1, max-image-preview:large, max-video-preview:-1\" \/>\r\n<link rel=\"canonical\" href=\"https:\/\/www.stelladellealpi.it\/SDA2020\/de\/das-fest-der-portoni\/\" \/>\r\n<meta property=\"og:locale\" content=\"de_DE\" \/>\r\n<meta property=\"og:type\" content=\"article\" \/>\r\n<meta property=\"og:title\" content=\"das Fest der &quot;Portoni&quot; - Stella delle Alpi\" \/>\r\n<meta property=\"og:description\" content=\"[vc_row][vc_column width=&#8220;1\/2&#8243;][vc_column_text]Portoni, vouti, cianve, somasi&#8230; das sind alles W\u00f6rter aus dem &#8222;Noneso&#8220;-Dialekt, aber wissen Sie, was sie bedeuten? Sie beziehen sich auf die alten Keller, die S\u00e4uleng\u00e4nge, die G\u00e4nge der D\u00f6rfer des Val di Non, wo oft zwischen Fr\u00fchling und Sommer mehrere &#8222;Portoni&#8220;-Feste stattfinden![\/vc_column_text][\/vc_column][vc_column width=&#8220;1\/2&#8243;][vc_column_text]Tats\u00e4chlich liegt das Hauptereignis dieser Reihe von Festivals nur wenige Schritte [&hellip;]\" \/>\r\n<meta property=\"og:url\" content=\"https:\/\/www.stelladellealpi.it\/SDA2020\/de\/das-fest-der-portoni\/\" \/>\r\n<meta property=\"og:site_name\" content=\"Stella delle Alpi\" \/>\r\n<meta property=\"article:publisher\" content=\"https:\/\/www.facebook.com\/stelladellealpi\/\" \/>\r\n<meta property=\"article:published_time\" content=\"2020-05-01T00:05:06+00:00\" \/>\r\n<meta property=\"article:modified_time\" content=\"2020-05-07T17:21:26+00:00\" \/>\r\n<meta property=\"og:image\" content=\"https:\/\/www.stelladellealpi.it\/SDA2020\/wp-content\/uploads\/2020\/04\/somasi.jpg\" \/>\r\n\t<meta property=\"og:image:width\" content=\"740\" \/>\r\n\t<meta property=\"og:image:height\" content=\"681\" \/>\r\n<meta name=\"twitter:card\" content=\"summary_large_image\" \/>\r\n<meta name=\"twitter:creator\" content=\"@stelladellealpi\" \/>\r\n<meta name=\"twitter:site\" content=\"@stelladellealpi\" \/>\r\n<script type=\"application\/ld+json\" class=\"yoast-schema-graph\">{\"@context\":\"https:\/\/schema.org\",\"@graph\":[{\"@type\":\"Organization\",\"@id\":\"https:\/\/www.stelladellealpi.it\/SDA2020\/de\/#organization\",\"name\":\"Hotel Stella delle Alpi\",\"url\":\"https:\/\/www.stelladellealpi.it\/SDA2020\/de\/\",\"sameAs\":[\"https:\/\/www.facebook.com\/stelladellealpi\/\",\"https:\/\/www.instagram.com\/stelladellealpi\/\",\"https:\/\/www.youtube.com\/user\/hotelstelladellealpi\",\"https:\/\/twitter.com\/stelladellealpi\"],\"logo\":{\"@type\":\"ImageObject\",\"@id\":\"https:\/\/www.stelladellealpi.it\/SDA2020\/de\/#logo\",\"inLanguage\":\"de\",\"url\":\"https:\/\/www.stelladellealpi.it\/SDA2020\/wp-content\/uploads\/2019\/11\/logo-1.png\",\"width\":438,\"height\":171,\"caption\":\"Hotel Stella delle Alpi\"},\"image\":{\"@id\":\"https:\/\/www.stelladellealpi.it\/SDA2020\/de\/#logo\"}},{\"@type\":\"WebSite\",\"@id\":\"https:\/\/www.stelladellealpi.it\/SDA2020\/de\/#website\",\"url\":\"https:\/\/www.stelladellealpi.it\/SDA2020\/de\/\",\"name\":\"Stella delle Alpi\",\"description\":\"Hotel Stella delle Alpi Wellness &amp; Resort\",\"publisher\":{\"@id\":\"https:\/\/www.stelladellealpi.it\/SDA2020\/de\/#organization\"},\"potentialAction\":[{\"@type\":\"SearchAction\",\"target\":\"https:\/\/www.stelladellealpi.it\/SDA2020\/de\/?s={search_term_string}\",\"query-input\":\"required name=search_term_string\"}],\"inLanguage\":\"de\"},{\"@type\":\"ImageObject\",\"@id\":\"https:\/\/www.stelladellealpi.it\/SDA2020\/de\/das-fest-der-portoni\/#primaryimage\",\"inLanguage\":\"de\",\"url\":\"https:\/\/www.stelladellealpi.it\/SDA2020\/wp-content\/uploads\/2020\/04\/somasi.jpg\",\"width\":740,\"height\":681},{\"@type\":\"WebPage\",\"@id\":\"https:\/\/www.stelladellealpi.it\/SDA2020\/de\/das-fest-der-portoni\/#webpage\",\"url\":\"https:\/\/www.stelladellealpi.it\/SDA2020\/de\/das-fest-der-portoni\/\",\"name\":\"das Fest der \\\"Portoni\\\" - Stella delle Alpi\",\"isPartOf\":{\"@id\":\"https:\/\/www.stelladellealpi.it\/SDA2020\/de\/#website\"},\"primaryImageOfPage\":{\"@id\":\"https:\/\/www.stelladellealpi.it\/SDA2020\/de\/das-fest-der-portoni\/#primaryimage\"},\"datePublished\":\"2020-05-01T00:05:06+00:00\",\"dateModified\":\"2020-05-07T17:21:26+00:00\",\"inLanguage\":\"de\",\"potentialAction\":[{\"@type\":\"ReadAction\",\"target\":[\"https:\/\/www.stelladellealpi.it\/SDA2020\/de\/das-fest-der-portoni\/\"]}]},{\"@type\":\"Article\",\"@id\":\"https:\/\/www.stelladellealpi.it\/SDA2020\/de\/das-fest-der-portoni\/#article\",\"isPartOf\":{\"@id\":\"https:\/\/www.stelladellealpi.it\/SDA2020\/de\/das-fest-der-portoni\/#webpage\"},\"author\":{\"@id\":\"https:\/\/www.stelladellealpi.it\/SDA2020\/de\/#\/schema\/person\/d67d4b7da5b0a77002d4e311f9937f51\"},\"headline\":\"das Fest der &#8222;Portoni&#8220;\",\"datePublished\":\"2020-05-01T00:05:06+00:00\",\"dateModified\":\"2020-05-07T17:21:26+00:00\",\"mainEntityOfPage\":{\"@id\":\"https:\/\/www.stelladellealpi.it\/SDA2020\/de\/das-fest-der-portoni\/#webpage\"},\"publisher\":{\"@id\":\"https:\/\/www.stelladellealpi.it\/SDA2020\/de\/#organization\"},\"image\":{\"@id\":\"https:\/\/www.stelladellealpi.it\/SDA2020\/de\/das-fest-der-portoni\/#primaryimage\"},\"keywords\":\"Apfel,Ausflug,Fest,Festival,Freundshaft,Gastronomie,Melinda,Musik,Urlaub,Wochenende\",\"articleSection\":\"zu essen\",\"inLanguage\":\"de\"},{\"@type\":[\"Person\"],\"@id\":\"https:\/\/www.stelladellealpi.it\/SDA2020\/de\/#\/schema\/person\/d67d4b7da5b0a77002d4e311f9937f51\",\"name\":\"Famiglia Battisti\",\"image\":{\"@type\":\"ImageObject\",\"@id\":\"https:\/\/www.stelladellealpi.it\/SDA2020\/de\/#personlogo\",\"inLanguage\":\"de\",\"url\":\"https:\/\/secure.gravatar.com\/avatar\/25fa0886f987921775f14aeed169b2ab?s=96&d=mm&r=g\",\"caption\":\"Famiglia Battisti\"}}]}<\/script>\r\n<!-- \/ Yoast SEO plugin. -->","_links":{"self":[{"href":"https:\/\/www.stelladellealpi.it\/SDA2020\/de\/wp-json\/wp\/v2\/posts\/3050","targetHints":{"allow":["GET"]}}],"collection":[{"href":"https:\/\/www.stelladellealpi.it\/SDA2020\/de\/wp-json\/wp\/v2\/posts"}],"about":[{"href":"https:\/\/www.stelladellealpi.it\/SDA2020\/de\/wp-json\/wp\/v2\/types\/post"}],"author":[{"embeddable":true,"href":"https:\/\/www.stelladellealpi.it\/SDA2020\/de\/wp-json\/wp\/v2\/users\/2"}],"replies":[{"embeddable":true,"href":"https:\/\/www.stelladellealpi.it\/SDA2020\/de\/wp-json\/wp\/v2\/comments?post=3050"}],"version-history":[{"count":1,"href":"https:\/\/www.stelladellealpi.it\/SDA2020\/de\/wp-json\/wp\/v2\/posts\/3050\/revisions"}],"predecessor-version":[{"id":3051,"href":"https:\/\/www.stelladellealpi.it\/SDA2020\/de\/wp-json\/wp\/v2\/posts\/3050\/revisions\/3051"}],"wp:featuredmedia":[{"embeddable":true,"href":"https:\/\/www.stelladellealpi.it\/SDA2020\/de\/wp-json\/wp\/v2\/media\/3052"}],"wp:attachment":[{"href":"https:\/\/www.stelladellealpi.it\/SDA2020\/de\/wp-json\/wp\/v2\/media?parent=3050"}],"wp:term":[{"taxonomy":"category","embeddable":true,"href":"https:\/\/www.stelladellealpi.it\/SDA2020\/de\/wp-json\/wp\/v2\/categories?post=3050"},{"taxonomy":"post_tag","embeddable":true,"href":"https:\/\/www.stelladellealpi.it\/SDA2020\/de\/wp-json\/wp\/v2\/tags?post=3050"}],"curies":[{"name":"wp","href":"https:\/\/api.w.org\/{rel}","templated":true}]}}