{"id":3055,"date":"2020-05-01T00:04:46","date_gmt":"2020-05-01T00:04:46","guid":{"rendered":"http:\/\/www.stelladellealpi.it\/SDA2020\/der-heilige-und-der-baer\/"},"modified":"2020-05-07T17:25:14","modified_gmt":"2020-05-07T17:25:14","slug":"der-heilige-und-der-baer","status":"publish","type":"post","link":"https:\/\/www.stelladellealpi.it\/SDA2020\/de\/der-heilige-und-der-baer\/","title":{"rendered":"Der Heilige und der B\u00e4r"},"content":{"rendered":"<p>[vc_row][vc_column width=&#8220;1\/2&#8243;][vc_column_text]Haben Sie schon einmal vom <strong>Heiligtum von San Romedio<\/strong> geh\u00f6rt? Man hat es als das charakteristischste Heiligtum Europas bezeichnet! Es handelt sich um eine sehr alte Einsiedelei, die auf einem k\u00fchnen Kalksteinfelsen (732 m) inmitten einer wilden und isolierten Schlucht errichtet wurde. Ihre schroffe Sch\u00f6nheit kann sogar als das<strong> Symbol des Trentino<\/strong> angesehen werden.[\/vc_column_text][\/vc_column][vc_column width=&#8220;1\/2&#8243;][vc_column_text]Laut Legende kam ein Einsiedler namens Romedio auf dem R\u00fccken eines B\u00e4ren in die Stadt Trient hinab, um der Heiligen Vigil zu begegnen.<\/p>\n<p>K\u00f6nnte das helfen zu erkl\u00e4ren, warum hier oben &#8222;sen tuti en puech orsi&#8220; (wir sind alle ein bisschen B\u00e4ren) ? Wenn Sie ins Val di Non reisen, ist San Romedio ein Muss![\/vc_column_text][\/vc_column][\/vc_row][vc_row css=&#8220;.vc_custom_1492008828909{margin-top: 40px !important;}&#8220;][vc_column][vc_video link=&#8220;https:\/\/vimeo.com\/375604016&#8243;] <h2 style=\"color:#727475;padding:px;text-align:;font-size:25px;line-height:25px;letter-spacing: px;font-weight:normal\" class=\"   nd_options_first_font \">Warum soll man das Heiligtum von San Romedio besuchen?<\/h2> <div style=\"background-color:;height: 20px\" class=\"nicdark_section  \"><\/div>[vc_column_text]Ich werde Ihnen mindestens drei gute Gr\u00fcnde nennen. Heben wir uns den B\u00e4ren bis zum Schluss auf. Glauben Sie mir, es gibt noch viel mehr. Zun\u00e4chst einmal die Magie des Ortes. F\u00fcnf kleine, sich \u00fcberlappende Kirchen, die alle auf einem Felssporn gebaut und durch eine lange Treppe mit 131 Stufen miteinander verbunden sind. Was f\u00fcr ein Aufstieg! Aber beschweren Sie sich noch nicht, wenn Sie dort oben sind, werden Sie mir f\u00fcr den Rat danken.[\/vc_column_text][\/vc_column][\/vc_row][vc_row css=&#8220;.vc_custom_1492008848756{margin-top: 20px !important;}&#8220;][vc_column width=&#8220;1\/2&#8243;]\n    <div style=\"text-align:center\" class=\"nd_options_section\">\n      <img decoding=\"async\" alt=\"\" style=\"width:100%\" class=\" nd_options_margin_0 nd_options_padding_0 \" src=\"https:\/\/www.stelladellealpi.it\/SDA2020\/wp-content\/uploads\/2020\/04\/9726-1024x683.jpg\">\n    <\/div>\n   [\/vc_column][vc_column width=&#8220;1\/2&#8243;]\n    <div style=\"text-align:center\" class=\"nd_options_section\">\n      <img decoding=\"async\" alt=\"\" style=\"width:100%\" class=\" nd_options_margin_0 nd_options_padding_0 \" src=\"https:\/\/www.stelladellealpi.it\/SDA2020\/wp-content\/uploads\/2020\/04\/9720-1024x683.jpg\">\n    <\/div>\n   [\/vc_column][\/vc_row][vc_row css=&#8220;.vc_custom_1467643035435{margin-top: 40px !important;}&#8220;][vc_column][vc_column_text]Zweiter guter Grund? Die Wanderung im Felsen, der zur Einsiedelei f\u00fchrt. Suggestiv und entspannend, aber mit einer schwindelerregenden Prise: kurz gesagt, der ideale Weg, um sich emotional darauf vorzubereiten, die Wallfahrtskirche zu erreichen.<\/p>\n<p>Und nicht zuletzt der B\u00e4r. Seien Sie nicht traurig, wenn Sie ein solches Tier in der Rettungsstation eingesperrt sehen, auch daf\u00fcr gibt es einen Grund.[\/vc_column_text]<div style=\"background-color:;height: 20px\" class=\"nicdark_section  \"><\/div><div style=\"background-color:;height: 20px\" class=\"nicdark_section  \"><\/div> <h2 style=\"color:#727475;padding:px;text-align:;font-size:25px;line-height:25px;letter-spacing: px;font-weight:normal\" class=\"   nd_options_first_font \">Die Legende des B\u00e4ren von Trentino und San Romedio<\/h2> <div style=\"background-color:;height: 20px\" class=\"nicdark_section  \"><\/div>\n    <div style=\"text-align:center\" class=\"nd_options_section\">\n      <img decoding=\"async\" alt=\"\" style=\"width:100%\" class=\" nd_options_margin_0 nd_options_padding_0 \" src=\"https:\/\/www.stelladellealpi.it\/SDA2020\/wp-content\/uploads\/2020\/04\/b_17071783-1024x724.jpg\">\n    <\/div>\n   <div style=\"background-color:;height: 20px\" class=\"nicdark_section  \"><\/div>[vc_column_text]Die ber\u00fchmten B\u00e4ren des Sanktuarium von San Romedio leben in dem an den Eingang angrenzenden Wildtiergebiet in Halbfreiheit.<\/p>\n<p>Die Anwesenheit von B\u00e4ren in dieser Kultst\u00e4tte h\u00e4ngt mit der Legende zusammen, derzufolge Romedio, damals ein alter Mann, in Richtung der Stadt Trient gegangen war, die entschlossen war, die Bischofswache zu treffen. Auf dem Weg dorthin w\u00e4re sein Pferd von einem B\u00e4ren zerfleischt worden, aber Romedio gab nicht auf und n\u00e4herte sich der Bestie. Auf wundersame Weise gelang es ihm, es zu z\u00e4hmen und nach Trient zu reiten. Als Romedio nach seiner R\u00fcckkehr aus Trient beschloss, sein Leben der Einsiedelei zu widmen, wurde der B\u00e4r sein einziger Begleiter bis zu seinem Tod.<\/p>\n<p>In Erinnerung an diese Legende kaufte 1958 Senator Graf Gian Giacomo Gallarati Scotti, ein Ehrenmitglied des WWF-Stiftungskomitees in Italien, den zum Tode verurteilten B\u00e4ren Charlie, damit seine Haut verkauft werden konnte, und schenkte ihn dem Heiligtum von San Romedio. Seitdem hat das Wildnisgebiet der Rettungsstation von San Romedio stets Exemplare von B\u00e4ren beherbergt, die sonst ein traurigeres Schicksal ereilt h\u00e4tte.<\/p>\n<p>Heute ist die Rettungsstation von San Romedio das Zuhause von &#8222;Bruno&#8220;: ein wundersch\u00f6nes Exemplar eines B\u00e4ren aus den Abruzzen.[\/vc_column_text][\/vc_column][\/vc_row]<\/p>\n","protected":false},"excerpt":{"rendered":"<p>Die antike Einsiedelei, in der der Legende nach der Heilige Romedio mit seinem B\u00e4ren lebte.<\/p>\n","protected":false},"author":2,"featured_media":2587,"comment_status":"closed","ping_status":"closed","sticky":false,"template":"","format":"standard","meta":{"footnotes":""},"categories":[101],"tags":[243,236,237,217,240,241,239,238,242],"class_list":["post-3055","post","type-post","status-publish","format-standard","has-post-thumbnail","hentry","category-da-vedere-de","tag-antik","tag-bar-de","tag-heilige","tag-heiligtum","tag-hermitage-de","tag-hohle","tag-katholic","tag-kirche","tag-wald"],"jetpack_featured_media_url":"https:\/\/www.stelladellealpi.it\/SDA2020\/wp-content\/uploads\/2020\/04\/santuario-san-romedio-www-visitvaldinon-it9722.jpg","yoast_head":"<!-- This site is optimized with the Yoast SEO plugin v14.7 - https:\/\/yoast.com\/wordpress\/plugins\/seo\/ -->\r\n<title>Der Heilige und der B\u00e4r - Stella delle Alpi<\/title>\r\n<meta name=\"robots\" content=\"index, follow\" \/>\r\n<meta name=\"googlebot\" content=\"index, follow, max-snippet:-1, max-image-preview:large, max-video-preview:-1\" \/>\r\n<meta name=\"bingbot\" content=\"index, follow, max-snippet:-1, max-image-preview:large, max-video-preview:-1\" \/>\r\n<link rel=\"canonical\" href=\"https:\/\/www.stelladellealpi.it\/SDA2020\/de\/der-heilige-und-der-baer\/\" \/>\r\n<meta property=\"og:locale\" content=\"de_DE\" \/>\r\n<meta property=\"og:type\" content=\"article\" \/>\r\n<meta property=\"og:title\" content=\"Der Heilige und der B\u00e4r - Stella delle Alpi\" \/>\r\n<meta property=\"og:description\" content=\"Die antike Einsiedelei, in der der Legende nach der Heilige Romedio mit seinem B\u00e4ren lebte.\" \/>\r\n<meta property=\"og:url\" content=\"https:\/\/www.stelladellealpi.it\/SDA2020\/de\/der-heilige-und-der-baer\/\" \/>\r\n<meta property=\"og:site_name\" content=\"Stella delle Alpi\" \/>\r\n<meta property=\"article:publisher\" content=\"https:\/\/www.facebook.com\/stelladellealpi\/\" \/>\r\n<meta property=\"article:published_time\" content=\"2020-05-01T00:04:46+00:00\" \/>\r\n<meta property=\"article:modified_time\" content=\"2020-05-07T17:25:14+00:00\" \/>\r\n<meta property=\"og:image\" content=\"https:\/\/www.stelladellealpi.it\/SDA2020\/wp-content\/uploads\/2020\/04\/santuario-san-romedio-www-visitvaldinon-it9722.jpg\" \/>\r\n\t<meta property=\"og:image:width\" content=\"1920\" \/>\r\n\t<meta property=\"og:image:height\" content=\"1281\" \/>\r\n<meta name=\"twitter:card\" content=\"summary_large_image\" \/>\r\n<meta name=\"twitter:creator\" content=\"@stelladellealpi\" \/>\r\n<meta name=\"twitter:site\" content=\"@stelladellealpi\" \/>\r\n<script type=\"application\/ld+json\" class=\"yoast-schema-graph\">{\"@context\":\"https:\/\/schema.org\",\"@graph\":[{\"@type\":\"Organization\",\"@id\":\"https:\/\/www.stelladellealpi.it\/SDA2020\/de\/#organization\",\"name\":\"Hotel Stella delle Alpi\",\"url\":\"https:\/\/www.stelladellealpi.it\/SDA2020\/de\/\",\"sameAs\":[\"https:\/\/www.facebook.com\/stelladellealpi\/\",\"https:\/\/www.instagram.com\/stelladellealpi\/\",\"https:\/\/www.youtube.com\/user\/hotelstelladellealpi\",\"https:\/\/twitter.com\/stelladellealpi\"],\"logo\":{\"@type\":\"ImageObject\",\"@id\":\"https:\/\/www.stelladellealpi.it\/SDA2020\/de\/#logo\",\"inLanguage\":\"de\",\"url\":\"https:\/\/www.stelladellealpi.it\/SDA2020\/wp-content\/uploads\/2019\/11\/logo-1.png\",\"width\":438,\"height\":171,\"caption\":\"Hotel Stella delle Alpi\"},\"image\":{\"@id\":\"https:\/\/www.stelladellealpi.it\/SDA2020\/de\/#logo\"}},{\"@type\":\"WebSite\",\"@id\":\"https:\/\/www.stelladellealpi.it\/SDA2020\/de\/#website\",\"url\":\"https:\/\/www.stelladellealpi.it\/SDA2020\/de\/\",\"name\":\"Stella delle Alpi\",\"description\":\"Hotel Stella delle Alpi Wellness &amp; Resort\",\"publisher\":{\"@id\":\"https:\/\/www.stelladellealpi.it\/SDA2020\/de\/#organization\"},\"potentialAction\":[{\"@type\":\"SearchAction\",\"target\":\"https:\/\/www.stelladellealpi.it\/SDA2020\/de\/?s={search_term_string}\",\"query-input\":\"required name=search_term_string\"}],\"inLanguage\":\"de\"},{\"@type\":\"ImageObject\",\"@id\":\"https:\/\/www.stelladellealpi.it\/SDA2020\/de\/der-heilige-und-der-baer\/#primaryimage\",\"inLanguage\":\"de\",\"url\":\"https:\/\/www.stelladellealpi.it\/SDA2020\/wp-content\/uploads\/2020\/04\/santuario-san-romedio-www-visitvaldinon-it9722.jpg\",\"width\":1920,\"height\":1281},{\"@type\":\"WebPage\",\"@id\":\"https:\/\/www.stelladellealpi.it\/SDA2020\/de\/der-heilige-und-der-baer\/#webpage\",\"url\":\"https:\/\/www.stelladellealpi.it\/SDA2020\/de\/der-heilige-und-der-baer\/\",\"name\":\"Der Heilige und der B\\u00e4r - Stella delle Alpi\",\"isPartOf\":{\"@id\":\"https:\/\/www.stelladellealpi.it\/SDA2020\/de\/#website\"},\"primaryImageOfPage\":{\"@id\":\"https:\/\/www.stelladellealpi.it\/SDA2020\/de\/der-heilige-und-der-baer\/#primaryimage\"},\"datePublished\":\"2020-05-01T00:04:46+00:00\",\"dateModified\":\"2020-05-07T17:25:14+00:00\",\"inLanguage\":\"de\",\"potentialAction\":[{\"@type\":\"ReadAction\",\"target\":[\"https:\/\/www.stelladellealpi.it\/SDA2020\/de\/der-heilige-und-der-baer\/\"]}]},{\"@type\":\"Article\",\"@id\":\"https:\/\/www.stelladellealpi.it\/SDA2020\/de\/der-heilige-und-der-baer\/#article\",\"isPartOf\":{\"@id\":\"https:\/\/www.stelladellealpi.it\/SDA2020\/de\/der-heilige-und-der-baer\/#webpage\"},\"author\":{\"@id\":\"https:\/\/www.stelladellealpi.it\/SDA2020\/de\/#\/schema\/person\/d67d4b7da5b0a77002d4e311f9937f51\"},\"headline\":\"Der Heilige und der B\\u00e4r\",\"datePublished\":\"2020-05-01T00:04:46+00:00\",\"dateModified\":\"2020-05-07T17:25:14+00:00\",\"mainEntityOfPage\":{\"@id\":\"https:\/\/www.stelladellealpi.it\/SDA2020\/de\/der-heilige-und-der-baer\/#webpage\"},\"publisher\":{\"@id\":\"https:\/\/www.stelladellealpi.it\/SDA2020\/de\/#organization\"},\"image\":{\"@id\":\"https:\/\/www.stelladellealpi.it\/SDA2020\/de\/der-heilige-und-der-baer\/#primaryimage\"},\"keywords\":\"antik,B\\u00e4r,Heilige,Heiligtum,Hermitage,H\\u00f6hle,Katholic,Kirche,Wald\",\"articleSection\":\"zu besuchen\",\"inLanguage\":\"de\"},{\"@type\":[\"Person\"],\"@id\":\"https:\/\/www.stelladellealpi.it\/SDA2020\/de\/#\/schema\/person\/d67d4b7da5b0a77002d4e311f9937f51\",\"name\":\"Famiglia Battisti\",\"image\":{\"@type\":\"ImageObject\",\"@id\":\"https:\/\/www.stelladellealpi.it\/SDA2020\/de\/#personlogo\",\"inLanguage\":\"de\",\"url\":\"https:\/\/secure.gravatar.com\/avatar\/25fa0886f987921775f14aeed169b2ab?s=96&d=mm&r=g\",\"caption\":\"Famiglia Battisti\"}}]}<\/script>\r\n<!-- \/ Yoast SEO plugin. -->","_links":{"self":[{"href":"https:\/\/www.stelladellealpi.it\/SDA2020\/de\/wp-json\/wp\/v2\/posts\/3055","targetHints":{"allow":["GET"]}}],"collection":[{"href":"https:\/\/www.stelladellealpi.it\/SDA2020\/de\/wp-json\/wp\/v2\/posts"}],"about":[{"href":"https:\/\/www.stelladellealpi.it\/SDA2020\/de\/wp-json\/wp\/v2\/types\/post"}],"author":[{"embeddable":true,"href":"https:\/\/www.stelladellealpi.it\/SDA2020\/de\/wp-json\/wp\/v2\/users\/2"}],"replies":[{"embeddable":true,"href":"https:\/\/www.stelladellealpi.it\/SDA2020\/de\/wp-json\/wp\/v2\/comments?post=3055"}],"version-history":[{"count":3,"href":"https:\/\/www.stelladellealpi.it\/SDA2020\/de\/wp-json\/wp\/v2\/posts\/3055\/revisions"}],"predecessor-version":[{"id":3066,"href":"https:\/\/www.stelladellealpi.it\/SDA2020\/de\/wp-json\/wp\/v2\/posts\/3055\/revisions\/3066"}],"wp:featuredmedia":[{"embeddable":true,"href":"https:\/\/www.stelladellealpi.it\/SDA2020\/de\/wp-json\/wp\/v2\/media\/2587"}],"wp:attachment":[{"href":"https:\/\/www.stelladellealpi.it\/SDA2020\/de\/wp-json\/wp\/v2\/media?parent=3055"}],"wp:term":[{"taxonomy":"category","embeddable":true,"href":"https:\/\/www.stelladellealpi.it\/SDA2020\/de\/wp-json\/wp\/v2\/categories?post=3055"},{"taxonomy":"post_tag","embeddable":true,"href":"https:\/\/www.stelladellealpi.it\/SDA2020\/de\/wp-json\/wp\/v2\/tags?post=3055"}],"curies":[{"name":"wp","href":"https:\/\/api.w.org\/{rel}","templated":true}]}}